{"id":13050,"date":"2026-03-10T09:48:14","date_gmt":"2026-03-10T09:48:14","guid":{"rendered":"https:\/\/vw-ingredients.com\/uncategorized-tr\/lif-neden-var-ve-protein-neden-birdenbire-cikti-2026nin-en-buyuk-beslenme-trendinin-arkasindaki-degisimi-anlamak"},"modified":"2026-03-10T10:13:36","modified_gmt":"2026-03-10T10:13:36","slug":"lif-neden-var-ve-protein-neden-birdenbire-cikti-2026nin-en-buyuk-beslenme-trendinin-arkasindaki-degisimi-anlamak","status":"publish","type":"post","link":"https:\/\/vw-ingredients.com\/tr\/haberler\/lif-neden-var-ve-protein-neden-birdenbire-cikti-2026nin-en-buyuk-beslenme-trendinin-arkasindaki-degisimi-anlamak","title":{"rendered":"Lif Neden Var ve Protein Neden Birdenbire \u00c7\u0131kt\u0131? 2026&#8217;n\u0131n En B\u00fcy\u00fck Beslenme Trendinin Arkas\u0131ndaki De\u011fi\u015fimi Anlamak"},"content":{"rendered":"\n<p>Y\u0131llar boyunca protein, yiyecek ve i\u00e7ecek end\u00fcstrisine hakim oldu. Y\u00fcksek proteinli barlardan shake&#8217;lere ve g\u00fc\u00e7lendirilmi\u015f at\u0131\u015ft\u0131rmal\u0131klara kadar pazar, &#8220;daha fazla protein e\u015fittir daha sa\u011fl\u0131kl\u0131 ya\u015fam&#8221; inanc\u0131yla y\u00f6nlendirildi.<br\/>Ancak 2026&#8217;da net bir de\u011fi\u015fim ya\u015fan\u0131yor: <strong>lif \u00f6n plana<\/strong> \u00e7\u0131karken, proteinin heyecan\u0131 yava\u015fl\u0131yor. <\/p>\n\n<p>Bu e\u011filimin arkas\u0131nda ne var ve ikisi nas\u0131l ba\u011flant\u0131l\u0131?<\/p>\n\n<p><strong>Lif ve Protein: Benzerlikler ve Temel Farkl\u0131l\u0131klar<\/strong><br\/>Genellikle ayr\u0131 ayr\u0131 tart\u0131\u015f\u0131lsa da, lif ve proteinin birka\u00e7 ortak noktas\u0131 vard\u0131r. Her ikisi de temel besin maddeleridir, her ikisi de g\u00fc\u00e7l\u00fc bir t\u00fcketici bilincine sahiptir ve her ikisi de FDA gibi tan\u0131nm\u0131\u015f otoriteler taraf\u0131ndan iyi desteklenen faydalar sunmaktad\u0131r.<br\/>Ancak farkl\u0131l\u0131klar\u0131 t\u00fcketici davran\u0131\u015f\u0131n\u0131 \u015fekillendirmede daha \u00f6nemli hale gelmektedir. <\/p>\n\n<p><em>Protein<\/em> kas onar\u0131m\u0131n\u0131 ve b\u00fcy\u00fcmesini destekler, ancak bir\u00e7ok t\u00fcketici art\u0131k g\u00fcnl\u00fck diyetlerinde zaten &#8220;yeterince&#8221; protein ald\u0131klar\u0131n\u0131 d\u00fc\u015f\u00fcnmektedir. Sonu\u00e7 olarak, takviye yapma zorunlulu\u011fu azal\u0131yor. <\/p>\n\n<p>\u00d6te yandan <em>lif<\/em>, d\u00fcnya \u00e7ap\u0131nda en yayg\u0131n besin eksikliklerinden biri olmaya devam etmektedir. Sindirimi, ba\u011f\u0131rsak sa\u011fl\u0131\u011f\u0131n\u0131, kan \u015fekeri dengesini ve g\u00fcn\u00fcm\u00fcz\u00fcn \u00f6nleyici sa\u011fl\u0131k ve mikrobiyom deste\u011fine ge\u00e7i\u015fiyle m\u00fckemmel uyum sa\u011flayan uzun vadeli refah faydalar\u0131n\u0131 destekler. <\/p>\n\n<p><strong>Yeni Elyaf Trendini Ne Besliyor?<\/strong><br\/>\u00c7e\u015fitli sekt\u00f6rel fakt\u00f6rler fiberi \u00f6n plana \u00e7\u0131kar\u0131yor:<\/p>\n\n<p>&#8211; <strong>Ba\u011f\u0131rsak sa\u011fl\u0131\u011f\u0131<\/strong> \u00f6nde gelen bir sa\u011fl\u0131kl\u0131 ya\u015fam temas\u0131 haline geldi.<br\/>&#8211; T\u00fcketiciler g\u00fc\u00e7lendirilmi\u015f &#8220;g\u00fc\u00e7l\u00fc&#8221; bile\u015fenler yerine <em>do\u011fal<\/em> \u00e7\u00f6z\u00fcmler istiyor.<br\/>&#8211; Markalar ileti\u015fimi kolay, mevzuat dostu iddialar ar\u0131yor.<br\/>&#8211; Yeni t\u00fcr fonksiyonel lif bile\u015fenleri inovasyon olanaklar\u0131n\u0131n \u00f6n\u00fcn\u00fc a\u00e7\u0131yor.<\/p>\n\n<p>Sonu\u00e7: lif a\u00e7\u0131s\u0131ndan zengin at\u0131\u015ft\u0131rmal\u0131klar, unlu mamuller, i\u00e7ecekler ve beslenme \u00fcr\u00fcnlerine y\u00f6nelik artan pazar talebi.<\/p>\n\n<p><strong>Trendler Trend Olmadan Trendlerin \u00d6n\u00fcnde Kalmak<\/strong><br\/>Van Wankum Ingredients olarak, e\u011frinin \u00f6n\u00fcnde olmaya inan\u0131yoruz. Trendler raflarda ba\u015flamaz, Ar-Ge odalar\u0131nda, tedarik\u00e7ilerle yap\u0131lan g\u00f6r\u00fc\u015fmelerde ve erken piyasa sinyallerinde ba\u015flar. <\/p>\n\n<p>Bu nedenle bilimsel geli\u015fmeleri, t\u00fcketici de\u011fi\u015fimlerini ve i\u00e7erik yeniliklerini ana ak\u0131m hareketler haline gelmeden \u00e7ok \u00f6nce s\u00fcrekli olarak takip ediyoruz. Ekibiniz ister lifli form\u00fclasyonlar\u0131 ara\u015ft\u0131r\u0131yor ister bir sonraki b\u00fcy\u00fck kategori de\u011fi\u015fimine haz\u0131rlan\u0131yor olsun, \u00fcr\u00fcn geli\u015ftirmenin en erken a\u015famalar\u0131ndan itibaren sizinle birlikte \u00e7al\u0131\u015f\u0131yoruz. <\/p>\n\n<p>\u00c7\u00fcnk\u00fc bir ad\u0131m \u00f6nde olmak, bir \u015fey trend haline geldikten sonra de\u011fil, trend haline <strong>gelmeden \u00f6nce<\/strong> yenilik yapmak demektir.<\/p>\n","protected":false},"excerpt":{"rendered":"<p>Y\u0131llar boyunca protein, yiyecek ve i\u00e7ecek end\u00fcstrisine hakim oldu. Y\u00fcksek proteinli barlardan shake&#8217;lere ve g\u00fc\u00e7lendirilmi\u015f at\u0131\u015ft\u0131rmal\u0131klara kadar pazar, &#8220;daha fazla protein e\u015fittir daha sa\u011fl\u0131kl\u0131 ya\u015fam&#8221; inanc\u0131yla y\u00f6nlendirildi.Ancak 2026&#8217;da net bir de\u011fi\u015fim ya\u015fan\u0131yor: lif \u00f6n plana \u00e7\u0131karken, proteinin heyecan\u0131 yava\u015fl\u0131yor. Bu e\u011filimin arkas\u0131nda ne var ve ikisi nas\u0131l ba\u011flant\u0131l\u0131? Lif ve Protein: Benzerlikler ve Temel Farkl\u0131l\u0131klarGenellikle [&hellip;]<\/p>\n","protected":false},"author":12,"featured_media":13042,"comment_status":"closed","ping_status":"closed","sticky":false,"template":"","format":"standard","meta":{"_acf_changed":false,"footnotes":""},"categories":[92],"tags":[],"class_list":["post-13050","post","type-post","status-publish","format-standard","has-post-thumbnail","hentry","category-haberler"],"acf":[],"yoast_head":"<!-- This site is optimized with the Yoast SEO plugin v27.3 - https:\/\/yoast.com\/product\/yoast-seo-wordpress\/ -->\n<title>Lif Neden Var ve Protein Neden Birdenbire \u00c7\u0131kt\u0131? 2026&#039;n\u0131n En B\u00fcy\u00fck Beslenme Trendinin Arkas\u0131ndaki De\u011fi\u015fimi Anlamak - Van Wankum Ingredients<\/title>\n<meta name=\"robots\" content=\"index, follow, max-snippet:-1, max-image-preview:large, max-video-preview:-1\" \/>\n<link rel=\"canonical\" href=\"https:\/\/vw-ingredients.com\/tr\/haberler\/lif-neden-var-ve-protein-neden-birdenbire-cikti-2026nin-en-buyuk-beslenme-trendinin-arkasindaki-degisimi-anlamak\" \/>\n<meta property=\"og:locale\" content=\"tr_TR\" \/>\n<meta property=\"og:type\" content=\"article\" \/>\n<meta property=\"og:title\" content=\"Lif Neden Var ve Protein Neden Birdenbire \u00c7\u0131kt\u0131? 2026&#039;n\u0131n En B\u00fcy\u00fck Beslenme Trendinin Arkas\u0131ndaki De\u011fi\u015fimi Anlamak - Van Wankum Ingredients\" \/>\n<meta property=\"og:description\" content=\"Y\u0131llar boyunca protein, yiyecek ve i\u00e7ecek end\u00fcstrisine hakim oldu. Y\u00fcksek proteinli barlardan shake&#8217;lere ve g\u00fc\u00e7lendirilmi\u015f at\u0131\u015ft\u0131rmal\u0131klara kadar pazar, &#8220;daha fazla protein e\u015fittir daha sa\u011fl\u0131kl\u0131 ya\u015fam&#8221; inanc\u0131yla y\u00f6nlendirildi.Ancak 2026&#8217;da net bir de\u011fi\u015fim ya\u015fan\u0131yor: lif \u00f6n plana \u00e7\u0131karken, proteinin heyecan\u0131 yava\u015fl\u0131yor. Bu e\u011filimin arkas\u0131nda ne var ve ikisi nas\u0131l ba\u011flant\u0131l\u0131? Lif ve Protein: Benzerlikler ve Temel Farkl\u0131l\u0131klarGenellikle [&hellip;]\" \/>\n<meta property=\"og:url\" content=\"https:\/\/vw-ingredients.com\/tr\/haberler\/lif-neden-var-ve-protein-neden-birdenbire-cikti-2026nin-en-buyuk-beslenme-trendinin-arkasindaki-degisimi-anlamak\" \/>\n<meta property=\"og:site_name\" content=\"Van Wankum Ingredients\" \/>\n<meta property=\"article:published_time\" content=\"2026-03-10T09:48:14+00:00\" \/>\n<meta property=\"article:modified_time\" content=\"2026-03-10T10:13:36+00:00\" \/>\n<meta property=\"og:image\" content=\"https:\/\/vw-ingredients.com\/wp-content\/uploads\/2026\/03\/Healthy-Food.png\" \/>\n\t<meta property=\"og:image:width\" content=\"1280\" \/>\n\t<meta property=\"og:image:height\" content=\"720\" \/>\n\t<meta property=\"og:image:type\" content=\"image\/png\" \/>\n<meta name=\"author\" content=\"Stefanie\" \/>\n<meta name=\"twitter:card\" content=\"summary_large_image\" \/>\n<meta name=\"twitter:label1\" content=\"Yazan:\" \/>\n\t<meta name=\"twitter:data1\" content=\"Stefanie\" \/>\n\t<meta name=\"twitter:label2\" content=\"Tahmini okuma s\u00fcresi\" \/>\n\t<meta name=\"twitter:data2\" content=\"2 dakika\" \/>\n<script type=\"application\/ld+json\" class=\"yoast-schema-graph\">{\"@context\":\"https:\\\/\\\/schema.org\",\"@graph\":[{\"@type\":\"Article\",\"@id\":\"https:\\\/\\\/vw-ingredients.com\\\/tr\\\/haberler\\\/lif-neden-var-ve-protein-neden-birdenbire-cikti-2026nin-en-buyuk-beslenme-trendinin-arkasindaki-degisimi-anlamak#article\",\"isPartOf\":{\"@id\":\"https:\\\/\\\/vw-ingredients.com\\\/tr\\\/haberler\\\/lif-neden-var-ve-protein-neden-birdenbire-cikti-2026nin-en-buyuk-beslenme-trendinin-arkasindaki-degisimi-anlamak\"},\"author\":{\"name\":\"Stefanie\",\"@id\":\"https:\\\/\\\/vw-ingredients.com\\\/tr#\\\/schema\\\/person\\\/efc61137f7c2da0f373707e5852ad8c4\"},\"headline\":\"Lif Neden Var ve Protein Neden Birdenbire \u00c7\u0131kt\u0131? 2026&#8217;n\u0131n En B\u00fcy\u00fck Beslenme Trendinin Arkas\u0131ndaki De\u011fi\u015fimi Anlamak\",\"datePublished\":\"2026-03-10T09:48:14+00:00\",\"dateModified\":\"2026-03-10T10:13:36+00:00\",\"mainEntityOfPage\":{\"@id\":\"https:\\\/\\\/vw-ingredients.com\\\/tr\\\/haberler\\\/lif-neden-var-ve-protein-neden-birdenbire-cikti-2026nin-en-buyuk-beslenme-trendinin-arkasindaki-degisimi-anlamak\"},\"wordCount\":474,\"image\":{\"@id\":\"https:\\\/\\\/vw-ingredients.com\\\/tr\\\/haberler\\\/lif-neden-var-ve-protein-neden-birdenbire-cikti-2026nin-en-buyuk-beslenme-trendinin-arkasindaki-degisimi-anlamak#primaryimage\"},\"thumbnailUrl\":\"https:\\\/\\\/vw-ingredients.com\\\/wp-content\\\/uploads\\\/2026\\\/03\\\/Healthy-Food.png\",\"articleSection\":[\"Haberler\"],\"inLanguage\":\"tr\"},{\"@type\":\"WebPage\",\"@id\":\"https:\\\/\\\/vw-ingredients.com\\\/tr\\\/haberler\\\/lif-neden-var-ve-protein-neden-birdenbire-cikti-2026nin-en-buyuk-beslenme-trendinin-arkasindaki-degisimi-anlamak\",\"url\":\"https:\\\/\\\/vw-ingredients.com\\\/tr\\\/haberler\\\/lif-neden-var-ve-protein-neden-birdenbire-cikti-2026nin-en-buyuk-beslenme-trendinin-arkasindaki-degisimi-anlamak\",\"name\":\"Lif Neden Var ve Protein Neden Birdenbire \u00c7\u0131kt\u0131? 2026'n\u0131n En B\u00fcy\u00fck Beslenme Trendinin Arkas\u0131ndaki De\u011fi\u015fimi Anlamak - Van Wankum Ingredients\",\"isPartOf\":{\"@id\":\"https:\\\/\\\/vw-ingredients.com\\\/tr#website\"},\"primaryImageOfPage\":{\"@id\":\"https:\\\/\\\/vw-ingredients.com\\\/tr\\\/haberler\\\/lif-neden-var-ve-protein-neden-birdenbire-cikti-2026nin-en-buyuk-beslenme-trendinin-arkasindaki-degisimi-anlamak#primaryimage\"},\"image\":{\"@id\":\"https:\\\/\\\/vw-ingredients.com\\\/tr\\\/haberler\\\/lif-neden-var-ve-protein-neden-birdenbire-cikti-2026nin-en-buyuk-beslenme-trendinin-arkasindaki-degisimi-anlamak#primaryimage\"},\"thumbnailUrl\":\"https:\\\/\\\/vw-ingredients.com\\\/wp-content\\\/uploads\\\/2026\\\/03\\\/Healthy-Food.png\",\"datePublished\":\"2026-03-10T09:48:14+00:00\",\"dateModified\":\"2026-03-10T10:13:36+00:00\",\"author\":{\"@id\":\"https:\\\/\\\/vw-ingredients.com\\\/tr#\\\/schema\\\/person\\\/efc61137f7c2da0f373707e5852ad8c4\"},\"breadcrumb\":{\"@id\":\"https:\\\/\\\/vw-ingredients.com\\\/tr\\\/haberler\\\/lif-neden-var-ve-protein-neden-birdenbire-cikti-2026nin-en-buyuk-beslenme-trendinin-arkasindaki-degisimi-anlamak#breadcrumb\"},\"inLanguage\":\"tr\",\"potentialAction\":[{\"@type\":\"ReadAction\",\"target\":[\"https:\\\/\\\/vw-ingredients.com\\\/tr\\\/haberler\\\/lif-neden-var-ve-protein-neden-birdenbire-cikti-2026nin-en-buyuk-beslenme-trendinin-arkasindaki-degisimi-anlamak\"]}]},{\"@type\":\"ImageObject\",\"inLanguage\":\"tr\",\"@id\":\"https:\\\/\\\/vw-ingredients.com\\\/tr\\\/haberler\\\/lif-neden-var-ve-protein-neden-birdenbire-cikti-2026nin-en-buyuk-beslenme-trendinin-arkasindaki-degisimi-anlamak#primaryimage\",\"url\":\"https:\\\/\\\/vw-ingredients.com\\\/wp-content\\\/uploads\\\/2026\\\/03\\\/Healthy-Food.png\",\"contentUrl\":\"https:\\\/\\\/vw-ingredients.com\\\/wp-content\\\/uploads\\\/2026\\\/03\\\/Healthy-Food.png\",\"width\":1280,\"height\":720},{\"@type\":\"BreadcrumbList\",\"@id\":\"https:\\\/\\\/vw-ingredients.com\\\/tr\\\/haberler\\\/lif-neden-var-ve-protein-neden-birdenbire-cikti-2026nin-en-buyuk-beslenme-trendinin-arkasindaki-degisimi-anlamak#breadcrumb\",\"itemListElement\":[{\"@type\":\"ListItem\",\"position\":1,\"name\":\"Home\",\"item\":\"https:\\\/\\\/vw-ingredients.com\\\/tr\"},{\"@type\":\"ListItem\",\"position\":2,\"name\":\"Lif Neden Var ve Protein Neden Birdenbire \u00c7\u0131kt\u0131? 2026&#8217;n\u0131n En B\u00fcy\u00fck Beslenme Trendinin Arkas\u0131ndaki De\u011fi\u015fimi Anlamak\"}]},{\"@type\":\"WebSite\",\"@id\":\"https:\\\/\\\/vw-ingredients.com\\\/tr#website\",\"url\":\"https:\\\/\\\/vw-ingredients.com\\\/tr\",\"name\":\"Van Wankum Ingredients\",\"description\":\"\",\"potentialAction\":[{\"@type\":\"SearchAction\",\"target\":{\"@type\":\"EntryPoint\",\"urlTemplate\":\"https:\\\/\\\/vw-ingredients.com\\\/tr?s={search_term_string}\"},\"query-input\":{\"@type\":\"PropertyValueSpecification\",\"valueRequired\":true,\"valueName\":\"search_term_string\"}}],\"inLanguage\":\"tr\"},{\"@type\":\"Person\",\"@id\":\"https:\\\/\\\/vw-ingredients.com\\\/tr#\\\/schema\\\/person\\\/efc61137f7c2da0f373707e5852ad8c4\",\"name\":\"Stefanie\",\"image\":{\"@type\":\"ImageObject\",\"inLanguage\":\"tr\",\"@id\":\"https:\\\/\\\/secure.gravatar.com\\\/avatar\\\/b695592051084f229dc7cb92b138c027debaadd6945db46f7c06c2016d684b38?s=96&d=mm&r=g\",\"url\":\"https:\\\/\\\/secure.gravatar.com\\\/avatar\\\/b695592051084f229dc7cb92b138c027debaadd6945db46f7c06c2016d684b38?s=96&d=mm&r=g\",\"contentUrl\":\"https:\\\/\\\/secure.gravatar.com\\\/avatar\\\/b695592051084f229dc7cb92b138c027debaadd6945db46f7c06c2016d684b38?s=96&d=mm&r=g\",\"caption\":\"Stefanie\"},\"url\":\"https:\\\/\\\/vw-ingredients.com\\\/tr\\\/author\\\/stefanie\"}]}<\/script>\n<!-- \/ Yoast SEO plugin. -->","yoast_head_json":{"title":"Lif Neden Var ve Protein Neden Birdenbire \u00c7\u0131kt\u0131? 2026'n\u0131n En B\u00fcy\u00fck Beslenme Trendinin Arkas\u0131ndaki De\u011fi\u015fimi Anlamak - Van Wankum Ingredients","robots":{"index":"index","follow":"follow","max-snippet":"max-snippet:-1","max-image-preview":"max-image-preview:large","max-video-preview":"max-video-preview:-1"},"canonical":"https:\/\/vw-ingredients.com\/tr\/haberler\/lif-neden-var-ve-protein-neden-birdenbire-cikti-2026nin-en-buyuk-beslenme-trendinin-arkasindaki-degisimi-anlamak","og_locale":"tr_TR","og_type":"article","og_title":"Lif Neden Var ve Protein Neden Birdenbire \u00c7\u0131kt\u0131? 2026'n\u0131n En B\u00fcy\u00fck Beslenme Trendinin Arkas\u0131ndaki De\u011fi\u015fimi Anlamak - Van Wankum Ingredients","og_description":"Y\u0131llar boyunca protein, yiyecek ve i\u00e7ecek end\u00fcstrisine hakim oldu. Y\u00fcksek proteinli barlardan shake&#8217;lere ve g\u00fc\u00e7lendirilmi\u015f at\u0131\u015ft\u0131rmal\u0131klara kadar pazar, &#8220;daha fazla protein e\u015fittir daha sa\u011fl\u0131kl\u0131 ya\u015fam&#8221; inanc\u0131yla y\u00f6nlendirildi.Ancak 2026&#8217;da net bir de\u011fi\u015fim ya\u015fan\u0131yor: lif \u00f6n plana \u00e7\u0131karken, proteinin heyecan\u0131 yava\u015fl\u0131yor. Bu e\u011filimin arkas\u0131nda ne var ve ikisi nas\u0131l ba\u011flant\u0131l\u0131? Lif ve Protein: Benzerlikler ve Temel Farkl\u0131l\u0131klarGenellikle [&hellip;]","og_url":"https:\/\/vw-ingredients.com\/tr\/haberler\/lif-neden-var-ve-protein-neden-birdenbire-cikti-2026nin-en-buyuk-beslenme-trendinin-arkasindaki-degisimi-anlamak","og_site_name":"Van Wankum Ingredients","article_published_time":"2026-03-10T09:48:14+00:00","article_modified_time":"2026-03-10T10:13:36+00:00","og_image":[{"width":1280,"height":720,"url":"https:\/\/vw-ingredients.com\/wp-content\/uploads\/2026\/03\/Healthy-Food.png","type":"image\/png"}],"author":"Stefanie","twitter_card":"summary_large_image","twitter_misc":{"Yazan:":"Stefanie","Tahmini okuma s\u00fcresi":"2 dakika"},"schema":{"@context":"https:\/\/schema.org","@graph":[{"@type":"Article","@id":"https:\/\/vw-ingredients.com\/tr\/haberler\/lif-neden-var-ve-protein-neden-birdenbire-cikti-2026nin-en-buyuk-beslenme-trendinin-arkasindaki-degisimi-anlamak#article","isPartOf":{"@id":"https:\/\/vw-ingredients.com\/tr\/haberler\/lif-neden-var-ve-protein-neden-birdenbire-cikti-2026nin-en-buyuk-beslenme-trendinin-arkasindaki-degisimi-anlamak"},"author":{"name":"Stefanie","@id":"https:\/\/vw-ingredients.com\/tr#\/schema\/person\/efc61137f7c2da0f373707e5852ad8c4"},"headline":"Lif Neden Var ve Protein Neden Birdenbire \u00c7\u0131kt\u0131? 2026&#8217;n\u0131n En B\u00fcy\u00fck Beslenme Trendinin Arkas\u0131ndaki De\u011fi\u015fimi Anlamak","datePublished":"2026-03-10T09:48:14+00:00","dateModified":"2026-03-10T10:13:36+00:00","mainEntityOfPage":{"@id":"https:\/\/vw-ingredients.com\/tr\/haberler\/lif-neden-var-ve-protein-neden-birdenbire-cikti-2026nin-en-buyuk-beslenme-trendinin-arkasindaki-degisimi-anlamak"},"wordCount":474,"image":{"@id":"https:\/\/vw-ingredients.com\/tr\/haberler\/lif-neden-var-ve-protein-neden-birdenbire-cikti-2026nin-en-buyuk-beslenme-trendinin-arkasindaki-degisimi-anlamak#primaryimage"},"thumbnailUrl":"https:\/\/vw-ingredients.com\/wp-content\/uploads\/2026\/03\/Healthy-Food.png","articleSection":["Haberler"],"inLanguage":"tr"},{"@type":"WebPage","@id":"https:\/\/vw-ingredients.com\/tr\/haberler\/lif-neden-var-ve-protein-neden-birdenbire-cikti-2026nin-en-buyuk-beslenme-trendinin-arkasindaki-degisimi-anlamak","url":"https:\/\/vw-ingredients.com\/tr\/haberler\/lif-neden-var-ve-protein-neden-birdenbire-cikti-2026nin-en-buyuk-beslenme-trendinin-arkasindaki-degisimi-anlamak","name":"Lif Neden Var ve Protein Neden Birdenbire \u00c7\u0131kt\u0131? 2026'n\u0131n En B\u00fcy\u00fck Beslenme Trendinin Arkas\u0131ndaki De\u011fi\u015fimi Anlamak - Van Wankum Ingredients","isPartOf":{"@id":"https:\/\/vw-ingredients.com\/tr#website"},"primaryImageOfPage":{"@id":"https:\/\/vw-ingredients.com\/tr\/haberler\/lif-neden-var-ve-protein-neden-birdenbire-cikti-2026nin-en-buyuk-beslenme-trendinin-arkasindaki-degisimi-anlamak#primaryimage"},"image":{"@id":"https:\/\/vw-ingredients.com\/tr\/haberler\/lif-neden-var-ve-protein-neden-birdenbire-cikti-2026nin-en-buyuk-beslenme-trendinin-arkasindaki-degisimi-anlamak#primaryimage"},"thumbnailUrl":"https:\/\/vw-ingredients.com\/wp-content\/uploads\/2026\/03\/Healthy-Food.png","datePublished":"2026-03-10T09:48:14+00:00","dateModified":"2026-03-10T10:13:36+00:00","author":{"@id":"https:\/\/vw-ingredients.com\/tr#\/schema\/person\/efc61137f7c2da0f373707e5852ad8c4"},"breadcrumb":{"@id":"https:\/\/vw-ingredients.com\/tr\/haberler\/lif-neden-var-ve-protein-neden-birdenbire-cikti-2026nin-en-buyuk-beslenme-trendinin-arkasindaki-degisimi-anlamak#breadcrumb"},"inLanguage":"tr","potentialAction":[{"@type":"ReadAction","target":["https:\/\/vw-ingredients.com\/tr\/haberler\/lif-neden-var-ve-protein-neden-birdenbire-cikti-2026nin-en-buyuk-beslenme-trendinin-arkasindaki-degisimi-anlamak"]}]},{"@type":"ImageObject","inLanguage":"tr","@id":"https:\/\/vw-ingredients.com\/tr\/haberler\/lif-neden-var-ve-protein-neden-birdenbire-cikti-2026nin-en-buyuk-beslenme-trendinin-arkasindaki-degisimi-anlamak#primaryimage","url":"https:\/\/vw-ingredients.com\/wp-content\/uploads\/2026\/03\/Healthy-Food.png","contentUrl":"https:\/\/vw-ingredients.com\/wp-content\/uploads\/2026\/03\/Healthy-Food.png","width":1280,"height":720},{"@type":"BreadcrumbList","@id":"https:\/\/vw-ingredients.com\/tr\/haberler\/lif-neden-var-ve-protein-neden-birdenbire-cikti-2026nin-en-buyuk-beslenme-trendinin-arkasindaki-degisimi-anlamak#breadcrumb","itemListElement":[{"@type":"ListItem","position":1,"name":"Home","item":"https:\/\/vw-ingredients.com\/tr"},{"@type":"ListItem","position":2,"name":"Lif Neden Var ve Protein Neden Birdenbire \u00c7\u0131kt\u0131? 2026&#8217;n\u0131n En B\u00fcy\u00fck Beslenme Trendinin Arkas\u0131ndaki De\u011fi\u015fimi Anlamak"}]},{"@type":"WebSite","@id":"https:\/\/vw-ingredients.com\/tr#website","url":"https:\/\/vw-ingredients.com\/tr","name":"Van Wankum Ingredients","description":"","potentialAction":[{"@type":"SearchAction","target":{"@type":"EntryPoint","urlTemplate":"https:\/\/vw-ingredients.com\/tr?s={search_term_string}"},"query-input":{"@type":"PropertyValueSpecification","valueRequired":true,"valueName":"search_term_string"}}],"inLanguage":"tr"},{"@type":"Person","@id":"https:\/\/vw-ingredients.com\/tr#\/schema\/person\/efc61137f7c2da0f373707e5852ad8c4","name":"Stefanie","image":{"@type":"ImageObject","inLanguage":"tr","@id":"https:\/\/secure.gravatar.com\/avatar\/b695592051084f229dc7cb92b138c027debaadd6945db46f7c06c2016d684b38?s=96&d=mm&r=g","url":"https:\/\/secure.gravatar.com\/avatar\/b695592051084f229dc7cb92b138c027debaadd6945db46f7c06c2016d684b38?s=96&d=mm&r=g","contentUrl":"https:\/\/secure.gravatar.com\/avatar\/b695592051084f229dc7cb92b138c027debaadd6945db46f7c06c2016d684b38?s=96&d=mm&r=g","caption":"Stefanie"},"url":"https:\/\/vw-ingredients.com\/tr\/author\/stefanie"}]}},"_links":{"self":[{"href":"https:\/\/vw-ingredients.com\/tr\/wp-json\/wp\/v2\/posts\/13050","targetHints":{"allow":["GET"]}}],"collection":[{"href":"https:\/\/vw-ingredients.com\/tr\/wp-json\/wp\/v2\/posts"}],"about":[{"href":"https:\/\/vw-ingredients.com\/tr\/wp-json\/wp\/v2\/types\/post"}],"author":[{"embeddable":true,"href":"https:\/\/vw-ingredients.com\/tr\/wp-json\/wp\/v2\/users\/12"}],"replies":[{"embeddable":true,"href":"https:\/\/vw-ingredients.com\/tr\/wp-json\/wp\/v2\/comments?post=13050"}],"version-history":[{"count":1,"href":"https:\/\/vw-ingredients.com\/tr\/wp-json\/wp\/v2\/posts\/13050\/revisions"}],"predecessor-version":[{"id":13051,"href":"https:\/\/vw-ingredients.com\/tr\/wp-json\/wp\/v2\/posts\/13050\/revisions\/13051"}],"wp:featuredmedia":[{"embeddable":true,"href":"https:\/\/vw-ingredients.com\/tr\/wp-json\/wp\/v2\/media\/13042"}],"wp:attachment":[{"href":"https:\/\/vw-ingredients.com\/tr\/wp-json\/wp\/v2\/media?parent=13050"}],"wp:term":[{"taxonomy":"category","embeddable":true,"href":"https:\/\/vw-ingredients.com\/tr\/wp-json\/wp\/v2\/categories?post=13050"},{"taxonomy":"post_tag","embeddable":true,"href":"https:\/\/vw-ingredients.com\/tr\/wp-json\/wp\/v2\/tags?post=13050"}],"curies":[{"name":"wp","href":"https:\/\/api.w.org\/{rel}","templated":true}]}}