{"id":11287,"date":"2025-08-31T08:00:04","date_gmt":"2025-08-31T08:00:04","guid":{"rendered":"https:\/\/vw-ingredients.com\/uncategorized-tr\/r-aylari-geldi-prebiyotik-ve-probiyotiklerle-guclenme-zamani"},"modified":"2025-08-31T08:00:04","modified_gmt":"2025-08-31T08:00:04","slug":"r-aylari-geldi-prebiyotik-ve-probiyotiklerle-guclenme-zamani","status":"publish","type":"post","link":"https:\/\/vw-ingredients.com\/tr\/uncategorized-tr\/r-aylari-geldi-prebiyotik-ve-probiyotiklerle-guclenme-zamani","title":{"rendered":"R Aylar\u0131 Geldi: Prebiyotik ve Probiyotiklerle G\u00fc\u00e7lenme Zaman\u0131!"},"content":{"rendered":"<p><strong>Hava Kasvetli Oldu\u011funda Mikrobiyomunuz Me\u015fgul Olur!<\/strong><\/p>\n<p>&nbsp;<\/p>\n<p>So\u011fuk alg\u0131nl\u0131\u011f\u0131, nezle ve halsizli\u011fin rutin hale geldi\u011fi so\u011fuk ve karanl\u0131k aylar olan &#8220;R aylar\u0131&#8221; (Eyl\u00fcl&#8217;den Nisan&#8217;a kadar) yine kap\u0131m\u0131zda. Bu, mikrobiyomunuzun ve sizin de oyunu h\u0131zland\u0131rman\u0131z i\u00e7in bir i\u015farettir. Bu nedenle <em>\u015fimdi<\/em> prebiyotik ve probiyotiklere y\u00f6nelmek i\u00e7in m\u00fckemmel bir zaman ve neyse ki Van Wankum Ingredients&#8217;de tam da ihtiyac\u0131n\u0131z olan \u015fey var&#8230;  <\/p>\n<p><strong>Van Wankum Ingredients<\/strong> olarak, takviyelere, fonksiyonel g\u0131dalara ve i\u00e7eceklere dahil edilebilecek \u00e7ok \u00e7e\u015fitli bile\u015fenler tedarik ediyoruz:<\/p>\n<p>&nbsp;<\/p>\n<p><strong>\u00d6ne \u00c7\u0131kan Malzemeler<\/strong><\/p>\n<p><strong>XOS (Xylo-oligosaccharides)<\/strong><br \/>\nDengeli bir beslenmeyi desteklemek i\u00e7in tasarlanm\u0131\u015f form\u00fclasyonlarda kullan\u0131labilen bitki bazl\u0131 bir lif. Tozlar, kaps\u00fcller, barlar ve i\u00e7eceklere uygun \u00e7e\u015fitli formatlarda mevcuttur. <\/p>\n<p><strong>Saccharomyces boulardii<\/strong><br \/>\nD\u00fcnya \u00e7ap\u0131nda \u00e7e\u015fitli takviye formatlar\u0131nda kullan\u0131lan probiyotik bir maya. Hem ba\u011f\u0131ms\u0131z \u00fcr\u00fcnler hem de kar\u0131\u015f\u0131mlar i\u00e7in stabilitesi ve uygunlu\u011fu ile bilinir. <\/p>\n<p><strong>Maya Beta-Glukan\u0131<\/strong><br \/>\n<strong>Mayadan<\/strong> elde edilen ve takviyelere, tah\u0131llara, beslenme barlar\u0131na ve i\u00e7ecek kar\u0131\u015f\u0131mlar\u0131na dahil edilebilen do\u011fal bir bile\u015fen.<\/p>\n<p>&nbsp;<\/p>\n<p><strong>Bunlar\u0131 \u00fcr\u00fcnlerinize nas\u0131l dahil edersiniz?<\/strong><\/p>\n<table>\n<thead>\n<tr>\n<td><strong>Hedef \/ Odak Alan\u0131<\/strong><\/td>\n<td><strong>Malzeme<\/strong><\/td>\n<td><strong>Form\u00fclasyonlarda Yayg\u0131n Kullan\u0131m Alanlar\u0131<\/strong><\/td>\n<\/tr>\n<\/thead>\n<tbody>\n<tr>\n<td>Sindirim odakl\u0131 \u00fcr\u00fcnler<\/td>\n<td>Saccharomyces boulardii<\/td>\n<td>Kaps\u00fcller, po\u015fetler ve kar\u0131\u015f\u0131m form\u00fclasyonlar\u0131<\/td>\n<\/tr>\n<tr>\n<td>Genel sa\u011fl\u0131k kar\u0131\u015f\u0131mlar\u0131<\/td>\n<td>Maya beta-glukan\u0131<\/td>\n<td>Tozlar, barlar ve i\u00e7ecek kar\u0131\u015f\u0131mlar\u0131<\/td>\n<\/tr>\n<tr>\n<td>Lif bak\u0131m\u0131ndan zenginle\u015ftirilmi\u015f \u00fcr\u00fcnler<\/td>\n<td>XOS ve di\u011fer prebiyotikler<\/td>\n<td>Fonksiyonel at\u0131\u015ft\u0131rmal\u0131klar, i\u00e7ecekler, kaps\u00fcller<\/td>\n<\/tr>\n<\/tbody>\n<\/table>\n<p>&nbsp;<\/p>\n<p><strong>Birlikte mevsimsel bir \u015feyler yaratal\u0131m.<\/strong><br \/>\nBu sonbahar ve k\u0131\u015f \u00fcr\u00fcn portf\u00f6y\u00fcn\u00fcz\u00fc g\u00fc\u00e7lendirmek i\u00e7in i\u00e7erik fikirleri mi ar\u0131yorsunuz? Ya da prebiyotik ve probiyotikleri form\u00fclasyonlar\u0131n\u0131za nas\u0131l dahil edece\u011finizi mi merak ediyorsunuz? Size yard\u0131mc\u0131 olmak i\u00e7in buraday\u0131z, bizimle ileti\u015fime ge\u00e7in ve se\u00e7enekleri ke\u015ffedelim.<br \/>\n<a href=\"https:\/\/vw-ingredients.com\/tr\/iletisim\">https:\/\/vw-ingredients.com\/contact<\/a><\/p>\n","protected":false},"excerpt":{"rendered":"<p>Hava Kasvetli Oldu\u011funda Mikrobiyomunuz Me\u015fgul Olur! &nbsp; So\u011fuk alg\u0131nl\u0131\u011f\u0131, nezle ve halsizli\u011fin rutin hale geldi\u011fi so\u011fuk ve karanl\u0131k aylar olan &#8220;R aylar\u0131&#8221; (Eyl\u00fcl&#8217;den Nisan&#8217;a kadar) yine kap\u0131m\u0131zda. Bu, mikrobiyomunuzun ve sizin de oyunu h\u0131zland\u0131rman\u0131z i\u00e7in bir i\u015farettir. Bu nedenle \u015fimdi prebiyotik ve probiyotiklere y\u00f6nelmek i\u00e7in m\u00fckemmel bir zaman ve neyse ki Van Wankum Ingredients&#8217;de tam [&hellip;]<\/p>\n","protected":false},"author":12,"featured_media":13486,"comment_status":"closed","ping_status":"closed","sticky":false,"template":"","format":"standard","meta":{"_acf_changed":false,"footnotes":""},"categories":[32],"tags":[],"class_list":["post-11287","post","type-post","status-publish","format-standard","has-post-thumbnail","hentry","category-uncategorized-tr"],"acf":[],"yoast_head":"<!-- This site is optimized with the Yoast SEO plugin v27.3 - https:\/\/yoast.com\/product\/yoast-seo-wordpress\/ -->\n<title>-Van Wankum Ingredients<\/title>\n<meta name=\"robots\" content=\"index, follow, max-snippet:-1, max-image-preview:large, max-video-preview:-1\" \/>\n<link rel=\"canonical\" href=\"https:\/\/vw-ingredients.com\/tr\/uncategorized-tr\/r-aylari-geldi-prebiyotik-ve-probiyotiklerle-guclenme-zamani\" \/>\n<meta property=\"og:locale\" content=\"tr_TR\" \/>\n<meta property=\"og:type\" content=\"article\" \/>\n<meta property=\"og:title\" content=\"-Van Wankum Ingredients\" \/>\n<meta property=\"og:description\" content=\"Hava Kasvetli Oldu\u011funda Mikrobiyomunuz Me\u015fgul Olur! &nbsp; So\u011fuk alg\u0131nl\u0131\u011f\u0131, nezle ve halsizli\u011fin rutin hale geldi\u011fi so\u011fuk ve karanl\u0131k aylar olan &#8220;R aylar\u0131&#8221; (Eyl\u00fcl&#8217;den Nisan&#8217;a kadar) yine kap\u0131m\u0131zda. Bu, mikrobiyomunuzun ve sizin de oyunu h\u0131zland\u0131rman\u0131z i\u00e7in bir i\u015farettir. Bu nedenle \u015fimdi prebiyotik ve probiyotiklere y\u00f6nelmek i\u00e7in m\u00fckemmel bir zaman ve neyse ki Van Wankum Ingredients&#8217;de tam [&hellip;]\" \/>\n<meta property=\"og:url\" content=\"https:\/\/vw-ingredients.com\/tr\/uncategorized-tr\/r-aylari-geldi-prebiyotik-ve-probiyotiklerle-guclenme-zamani\" \/>\n<meta property=\"og:site_name\" content=\"Van Wankum Ingredients\" \/>\n<meta property=\"article:published_time\" content=\"2025-08-31T08:00:04+00:00\" \/>\n<meta property=\"og:image\" content=\"https:\/\/vw-ingredients.com\/wp-content\/uploads\/2025\/08\/the-R-in-the-month.png\" \/>\n\t<meta property=\"og:image:width\" content=\"1080\" \/>\n\t<meta property=\"og:image:height\" content=\"1080\" \/>\n\t<meta property=\"og:image:type\" content=\"image\/png\" \/>\n<meta name=\"author\" content=\"Stefanie\" \/>\n<meta name=\"twitter:card\" content=\"summary_large_image\" \/>\n<meta name=\"twitter:label1\" content=\"Yazan:\" \/>\n\t<meta name=\"twitter:data1\" content=\"Stefanie\" \/>\n\t<meta name=\"twitter:label2\" content=\"Tahmini okuma s\u00fcresi\" \/>\n\t<meta name=\"twitter:data2\" content=\"2 dakika\" \/>\n<script type=\"application\/ld+json\" class=\"yoast-schema-graph\">{\"@context\":\"https:\\\/\\\/schema.org\",\"@graph\":[{\"@type\":\"Article\",\"@id\":\"https:\\\/\\\/vw-ingredients.com\\\/tr\\\/uncategorized-tr\\\/r-aylari-geldi-prebiyotik-ve-probiyotiklerle-guclenme-zamani#article\",\"isPartOf\":{\"@id\":\"https:\\\/\\\/vw-ingredients.com\\\/tr\\\/uncategorized-tr\\\/r-aylari-geldi-prebiyotik-ve-probiyotiklerle-guclenme-zamani\"},\"author\":{\"name\":\"Stefanie\",\"@id\":\"https:\\\/\\\/vw-ingredients.com\\\/tr#\\\/schema\\\/person\\\/efc61137f7c2da0f373707e5852ad8c4\"},\"headline\":\"R Aylar\u0131 Geldi: Prebiyotik ve Probiyotiklerle G\u00fc\u00e7lenme Zaman\u0131!\",\"datePublished\":\"2025-08-31T08:00:04+00:00\",\"mainEntityOfPage\":{\"@id\":\"https:\\\/\\\/vw-ingredients.com\\\/tr\\\/uncategorized-tr\\\/r-aylari-geldi-prebiyotik-ve-probiyotiklerle-guclenme-zamani\"},\"wordCount\":342,\"image\":{\"@id\":\"https:\\\/\\\/vw-ingredients.com\\\/tr\\\/uncategorized-tr\\\/r-aylari-geldi-prebiyotik-ve-probiyotiklerle-guclenme-zamani#primaryimage\"},\"thumbnailUrl\":\"https:\\\/\\\/vw-ingredients.com\\\/wp-content\\\/uploads\\\/2025\\\/08\\\/r-months.png\",\"articleSection\":[\"Uncategorized @tr\"],\"inLanguage\":\"tr\"},{\"@type\":\"WebPage\",\"@id\":\"https:\\\/\\\/vw-ingredients.com\\\/tr\\\/uncategorized-tr\\\/r-aylari-geldi-prebiyotik-ve-probiyotiklerle-guclenme-zamani\",\"url\":\"https:\\\/\\\/vw-ingredients.com\\\/tr\\\/uncategorized-tr\\\/r-aylari-geldi-prebiyotik-ve-probiyotiklerle-guclenme-zamani\",\"name\":\"-Van Wankum Ingredients\",\"isPartOf\":{\"@id\":\"https:\\\/\\\/vw-ingredients.com\\\/tr#website\"},\"primaryImageOfPage\":{\"@id\":\"https:\\\/\\\/vw-ingredients.com\\\/tr\\\/uncategorized-tr\\\/r-aylari-geldi-prebiyotik-ve-probiyotiklerle-guclenme-zamani#primaryimage\"},\"image\":{\"@id\":\"https:\\\/\\\/vw-ingredients.com\\\/tr\\\/uncategorized-tr\\\/r-aylari-geldi-prebiyotik-ve-probiyotiklerle-guclenme-zamani#primaryimage\"},\"thumbnailUrl\":\"https:\\\/\\\/vw-ingredients.com\\\/wp-content\\\/uploads\\\/2025\\\/08\\\/r-months.png\",\"datePublished\":\"2025-08-31T08:00:04+00:00\",\"author\":{\"@id\":\"https:\\\/\\\/vw-ingredients.com\\\/tr#\\\/schema\\\/person\\\/efc61137f7c2da0f373707e5852ad8c4\"},\"breadcrumb\":{\"@id\":\"https:\\\/\\\/vw-ingredients.com\\\/tr\\\/uncategorized-tr\\\/r-aylari-geldi-prebiyotik-ve-probiyotiklerle-guclenme-zamani#breadcrumb\"},\"inLanguage\":\"tr\",\"potentialAction\":[{\"@type\":\"ReadAction\",\"target\":[\"https:\\\/\\\/vw-ingredients.com\\\/tr\\\/uncategorized-tr\\\/r-aylari-geldi-prebiyotik-ve-probiyotiklerle-guclenme-zamani\"]}]},{\"@type\":\"ImageObject\",\"inLanguage\":\"tr\",\"@id\":\"https:\\\/\\\/vw-ingredients.com\\\/tr\\\/uncategorized-tr\\\/r-aylari-geldi-prebiyotik-ve-probiyotiklerle-guclenme-zamani#primaryimage\",\"url\":\"https:\\\/\\\/vw-ingredients.com\\\/wp-content\\\/uploads\\\/2025\\\/08\\\/r-months.png\",\"contentUrl\":\"https:\\\/\\\/vw-ingredients.com\\\/wp-content\\\/uploads\\\/2025\\\/08\\\/r-months.png\",\"width\":1280,\"height\":720},{\"@type\":\"BreadcrumbList\",\"@id\":\"https:\\\/\\\/vw-ingredients.com\\\/tr\\\/uncategorized-tr\\\/r-aylari-geldi-prebiyotik-ve-probiyotiklerle-guclenme-zamani#breadcrumb\",\"itemListElement\":[{\"@type\":\"ListItem\",\"position\":1,\"name\":\"Home\",\"item\":\"https:\\\/\\\/vw-ingredients.com\\\/tr\"},{\"@type\":\"ListItem\",\"position\":2,\"name\":\"R Aylar\u0131 Geldi: Prebiyotik ve Probiyotiklerle G\u00fc\u00e7lenme Zaman\u0131!\"}]},{\"@type\":\"WebSite\",\"@id\":\"https:\\\/\\\/vw-ingredients.com\\\/tr#website\",\"url\":\"https:\\\/\\\/vw-ingredients.com\\\/tr\",\"name\":\"Van Wankum Ingredients\",\"description\":\"\",\"potentialAction\":[{\"@type\":\"SearchAction\",\"target\":{\"@type\":\"EntryPoint\",\"urlTemplate\":\"https:\\\/\\\/vw-ingredients.com\\\/tr?s={search_term_string}\"},\"query-input\":{\"@type\":\"PropertyValueSpecification\",\"valueRequired\":true,\"valueName\":\"search_term_string\"}}],\"inLanguage\":\"tr\"},{\"@type\":\"Person\",\"@id\":\"https:\\\/\\\/vw-ingredients.com\\\/tr#\\\/schema\\\/person\\\/efc61137f7c2da0f373707e5852ad8c4\",\"name\":\"Stefanie\",\"image\":{\"@type\":\"ImageObject\",\"inLanguage\":\"tr\",\"@id\":\"https:\\\/\\\/secure.gravatar.com\\\/avatar\\\/b695592051084f229dc7cb92b138c027debaadd6945db46f7c06c2016d684b38?s=96&d=mm&r=g\",\"url\":\"https:\\\/\\\/secure.gravatar.com\\\/avatar\\\/b695592051084f229dc7cb92b138c027debaadd6945db46f7c06c2016d684b38?s=96&d=mm&r=g\",\"contentUrl\":\"https:\\\/\\\/secure.gravatar.com\\\/avatar\\\/b695592051084f229dc7cb92b138c027debaadd6945db46f7c06c2016d684b38?s=96&d=mm&r=g\",\"caption\":\"Stefanie\"},\"url\":\"https:\\\/\\\/vw-ingredients.com\\\/tr\\\/author\\\/stefanie\"}]}<\/script>\n<!-- \/ Yoast SEO plugin. -->","yoast_head_json":{"title":"-Van Wankum Ingredients","robots":{"index":"index","follow":"follow","max-snippet":"max-snippet:-1","max-image-preview":"max-image-preview:large","max-video-preview":"max-video-preview:-1"},"canonical":"https:\/\/vw-ingredients.com\/tr\/uncategorized-tr\/r-aylari-geldi-prebiyotik-ve-probiyotiklerle-guclenme-zamani","og_locale":"tr_TR","og_type":"article","og_title":"-Van Wankum Ingredients","og_description":"Hava Kasvetli Oldu\u011funda Mikrobiyomunuz Me\u015fgul Olur! &nbsp; So\u011fuk alg\u0131nl\u0131\u011f\u0131, nezle ve halsizli\u011fin rutin hale geldi\u011fi so\u011fuk ve karanl\u0131k aylar olan &#8220;R aylar\u0131&#8221; (Eyl\u00fcl&#8217;den Nisan&#8217;a kadar) yine kap\u0131m\u0131zda. Bu, mikrobiyomunuzun ve sizin de oyunu h\u0131zland\u0131rman\u0131z i\u00e7in bir i\u015farettir. Bu nedenle \u015fimdi prebiyotik ve probiyotiklere y\u00f6nelmek i\u00e7in m\u00fckemmel bir zaman ve neyse ki Van Wankum Ingredients&#8217;de tam [&hellip;]","og_url":"https:\/\/vw-ingredients.com\/tr\/uncategorized-tr\/r-aylari-geldi-prebiyotik-ve-probiyotiklerle-guclenme-zamani","og_site_name":"Van Wankum Ingredients","article_published_time":"2025-08-31T08:00:04+00:00","og_image":[{"width":1080,"height":1080,"url":"https:\/\/vw-ingredients.com\/wp-content\/uploads\/2025\/08\/the-R-in-the-month.png","type":"image\/png"}],"author":"Stefanie","twitter_card":"summary_large_image","twitter_misc":{"Yazan:":"Stefanie","Tahmini okuma s\u00fcresi":"2 dakika"},"schema":{"@context":"https:\/\/schema.org","@graph":[{"@type":"Article","@id":"https:\/\/vw-ingredients.com\/tr\/uncategorized-tr\/r-aylari-geldi-prebiyotik-ve-probiyotiklerle-guclenme-zamani#article","isPartOf":{"@id":"https:\/\/vw-ingredients.com\/tr\/uncategorized-tr\/r-aylari-geldi-prebiyotik-ve-probiyotiklerle-guclenme-zamani"},"author":{"name":"Stefanie","@id":"https:\/\/vw-ingredients.com\/tr#\/schema\/person\/efc61137f7c2da0f373707e5852ad8c4"},"headline":"R Aylar\u0131 Geldi: Prebiyotik ve Probiyotiklerle G\u00fc\u00e7lenme Zaman\u0131!","datePublished":"2025-08-31T08:00:04+00:00","mainEntityOfPage":{"@id":"https:\/\/vw-ingredients.com\/tr\/uncategorized-tr\/r-aylari-geldi-prebiyotik-ve-probiyotiklerle-guclenme-zamani"},"wordCount":342,"image":{"@id":"https:\/\/vw-ingredients.com\/tr\/uncategorized-tr\/r-aylari-geldi-prebiyotik-ve-probiyotiklerle-guclenme-zamani#primaryimage"},"thumbnailUrl":"https:\/\/vw-ingredients.com\/wp-content\/uploads\/2025\/08\/r-months.png","articleSection":["Uncategorized @tr"],"inLanguage":"tr"},{"@type":"WebPage","@id":"https:\/\/vw-ingredients.com\/tr\/uncategorized-tr\/r-aylari-geldi-prebiyotik-ve-probiyotiklerle-guclenme-zamani","url":"https:\/\/vw-ingredients.com\/tr\/uncategorized-tr\/r-aylari-geldi-prebiyotik-ve-probiyotiklerle-guclenme-zamani","name":"-Van Wankum Ingredients","isPartOf":{"@id":"https:\/\/vw-ingredients.com\/tr#website"},"primaryImageOfPage":{"@id":"https:\/\/vw-ingredients.com\/tr\/uncategorized-tr\/r-aylari-geldi-prebiyotik-ve-probiyotiklerle-guclenme-zamani#primaryimage"},"image":{"@id":"https:\/\/vw-ingredients.com\/tr\/uncategorized-tr\/r-aylari-geldi-prebiyotik-ve-probiyotiklerle-guclenme-zamani#primaryimage"},"thumbnailUrl":"https:\/\/vw-ingredients.com\/wp-content\/uploads\/2025\/08\/r-months.png","datePublished":"2025-08-31T08:00:04+00:00","author":{"@id":"https:\/\/vw-ingredients.com\/tr#\/schema\/person\/efc61137f7c2da0f373707e5852ad8c4"},"breadcrumb":{"@id":"https:\/\/vw-ingredients.com\/tr\/uncategorized-tr\/r-aylari-geldi-prebiyotik-ve-probiyotiklerle-guclenme-zamani#breadcrumb"},"inLanguage":"tr","potentialAction":[{"@type":"ReadAction","target":["https:\/\/vw-ingredients.com\/tr\/uncategorized-tr\/r-aylari-geldi-prebiyotik-ve-probiyotiklerle-guclenme-zamani"]}]},{"@type":"ImageObject","inLanguage":"tr","@id":"https:\/\/vw-ingredients.com\/tr\/uncategorized-tr\/r-aylari-geldi-prebiyotik-ve-probiyotiklerle-guclenme-zamani#primaryimage","url":"https:\/\/vw-ingredients.com\/wp-content\/uploads\/2025\/08\/r-months.png","contentUrl":"https:\/\/vw-ingredients.com\/wp-content\/uploads\/2025\/08\/r-months.png","width":1280,"height":720},{"@type":"BreadcrumbList","@id":"https:\/\/vw-ingredients.com\/tr\/uncategorized-tr\/r-aylari-geldi-prebiyotik-ve-probiyotiklerle-guclenme-zamani#breadcrumb","itemListElement":[{"@type":"ListItem","position":1,"name":"Home","item":"https:\/\/vw-ingredients.com\/tr"},{"@type":"ListItem","position":2,"name":"R Aylar\u0131 Geldi: Prebiyotik ve Probiyotiklerle G\u00fc\u00e7lenme Zaman\u0131!"}]},{"@type":"WebSite","@id":"https:\/\/vw-ingredients.com\/tr#website","url":"https:\/\/vw-ingredients.com\/tr","name":"Van Wankum Ingredients","description":"","potentialAction":[{"@type":"SearchAction","target":{"@type":"EntryPoint","urlTemplate":"https:\/\/vw-ingredients.com\/tr?s={search_term_string}"},"query-input":{"@type":"PropertyValueSpecification","valueRequired":true,"valueName":"search_term_string"}}],"inLanguage":"tr"},{"@type":"Person","@id":"https:\/\/vw-ingredients.com\/tr#\/schema\/person\/efc61137f7c2da0f373707e5852ad8c4","name":"Stefanie","image":{"@type":"ImageObject","inLanguage":"tr","@id":"https:\/\/secure.gravatar.com\/avatar\/b695592051084f229dc7cb92b138c027debaadd6945db46f7c06c2016d684b38?s=96&d=mm&r=g","url":"https:\/\/secure.gravatar.com\/avatar\/b695592051084f229dc7cb92b138c027debaadd6945db46f7c06c2016d684b38?s=96&d=mm&r=g","contentUrl":"https:\/\/secure.gravatar.com\/avatar\/b695592051084f229dc7cb92b138c027debaadd6945db46f7c06c2016d684b38?s=96&d=mm&r=g","caption":"Stefanie"},"url":"https:\/\/vw-ingredients.com\/tr\/author\/stefanie"}]}},"_links":{"self":[{"href":"https:\/\/vw-ingredients.com\/tr\/wp-json\/wp\/v2\/posts\/11287","targetHints":{"allow":["GET"]}}],"collection":[{"href":"https:\/\/vw-ingredients.com\/tr\/wp-json\/wp\/v2\/posts"}],"about":[{"href":"https:\/\/vw-ingredients.com\/tr\/wp-json\/wp\/v2\/types\/post"}],"author":[{"embeddable":true,"href":"https:\/\/vw-ingredients.com\/tr\/wp-json\/wp\/v2\/users\/12"}],"replies":[{"embeddable":true,"href":"https:\/\/vw-ingredients.com\/tr\/wp-json\/wp\/v2\/comments?post=11287"}],"version-history":[{"count":0,"href":"https:\/\/vw-ingredients.com\/tr\/wp-json\/wp\/v2\/posts\/11287\/revisions"}],"wp:featuredmedia":[{"embeddable":true,"href":"https:\/\/vw-ingredients.com\/tr\/wp-json\/wp\/v2\/media\/13486"}],"wp:attachment":[{"href":"https:\/\/vw-ingredients.com\/tr\/wp-json\/wp\/v2\/media?parent=11287"}],"wp:term":[{"taxonomy":"category","embeddable":true,"href":"https:\/\/vw-ingredients.com\/tr\/wp-json\/wp\/v2\/categories?post=11287"},{"taxonomy":"post_tag","embeddable":true,"href":"https:\/\/vw-ingredients.com\/tr\/wp-json\/wp\/v2\/tags?post=11287"}],"curies":[{"name":"wp","href":"https:\/\/api.w.org\/{rel}","templated":true}]}}