{"id":11938,"date":"2025-10-31T07:36:11","date_gmt":"2025-10-31T07:36:11","guid":{"rendered":"https:\/\/vw-ingredients.com\/?p=11938"},"modified":"2026-03-11T18:10:04","modified_gmt":"2026-03-11T18:10:04","slug":"vw-ingredients-a-fi-europe-2025","status":"publish","type":"post","link":"https:\/\/vw-ingredients.com\/fr\/actualites\/vw-ingredients-a-fi-europe-2025","title":{"rendered":"VW Ingredients \u00e0 Fi Europe 2025"},"content":{"rendered":"\n<p class=\"has-medium-font-size\"><strong>Rendez-nous visite pour l&rsquo;inspiration, le caf\u00e9 et la conversation<\/strong><\/p>\n\n<p>Nous sommes heureux d&rsquo;annoncer que <strong>VW Ingredients sera pr\u00e9sent \u00e0 Fi Europe 2025 avec son propre stand !<\/strong><br\/>Cette ann\u00e9e, notre \u00e9quipe sera pr\u00eate \u00e0 vous accueillir, que vous soyez \u00e0 la recherche d&rsquo;un support technique, de nouvelles id\u00e9es de produits, ou simplement d&rsquo;une bonne conversation autour d&rsquo;une tasse de caf\u00e9, notre \u00e9quipe sera ravie de vous accueillir !<\/p>\n\n<p>Fi Europe est l&rsquo;endroit id\u00e9al pour explorer comment les ingr\u00e9dients peuvent fa\u00e7onner l&rsquo;avenir de l&rsquo;alimentation, et nous sommes l\u00e0 pour vous aider \u00e0 le faire. Nos experts sont heureux de discuter de vos projets et de partager leurs id\u00e9es sur la mani\u00e8re de rendre vos produits encore meilleurs, en particulier en ce qui concerne la <strong>r\u00e9duction du sucre<\/strong> et les <strong>solutions de fibres fonctionnelles<\/strong>. <\/p>\n\n<p><strong>\u2b50 Ingr\u00e9dient phare de cette ann\u00e9e :<\/strong> <em>Polydextrose<\/em> une fibre polyvalente avec une excellente fonctionnalit\u00e9 pour la r\u00e9duction des sucres et des calories sans compromettre le go\u00fbt ou la texture.<\/p>\n\n<p>Nous serions ravis de vous rencontrer en personne !<br\/>\ud83d\udc49 <strong><a href=\"https:\/\/vw-ingredients.com\/fr\/prenez-rendez-vous\">Prenez rendez-vous avec notre \u00e9quipe ici.<\/a><\/strong><\/p>\n\n<p>Venez \u00e0 notre stand pour discuter, boire un caf\u00e9 et trouver l&rsquo;inspiration pour votre prochaine innovation.<\/p>\n\n<p><\/p>\n","protected":false},"excerpt":{"rendered":"<p>Rendez-nous visite pour l&rsquo;inspiration, le caf\u00e9 et la conversation Nous sommes heureux d&rsquo;annoncer que VW Ingredients sera pr\u00e9sent \u00e0 Fi Europe 2025 avec son propre stand !Cette ann\u00e9e, notre \u00e9quipe sera pr\u00eate \u00e0 vous accueillir, que vous soyez \u00e0 la recherche d&rsquo;un support technique, de nouvelles id\u00e9es de produits, ou simplement d&rsquo;une bonne conversation autour [&hellip;]<\/p>\n","protected":false},"author":12,"featured_media":11796,"comment_status":"closed","ping_status":"closed","sticky":false,"template":"","format":"standard","meta":{"_acf_changed":false,"footnotes":""},"categories":[272],"tags":[],"class_list":["post-11938","post","type-post","status-publish","format-standard","has-post-thumbnail","hentry","category-actualites"],"acf":[],"yoast_head":"<!-- This site is optimized with the Yoast SEO plugin v27.3 - https:\/\/yoast.com\/product\/yoast-seo-wordpress\/ -->\n<title>VW Ingredients \u00e0 Fi Europe 2025 - Van Wankum Ingredients<\/title>\n<meta name=\"robots\" content=\"index, follow, max-snippet:-1, max-image-preview:large, max-video-preview:-1\" \/>\n<link rel=\"canonical\" href=\"https:\/\/vw-ingredients.com\/fr\/actualites\/vw-ingredients-a-fi-europe-2025\" \/>\n<meta property=\"og:locale\" content=\"fr_FR\" \/>\n<meta property=\"og:type\" content=\"article\" \/>\n<meta property=\"og:title\" content=\"VW Ingredients \u00e0 Fi Europe 2025 - Van Wankum Ingredients\" \/>\n<meta property=\"og:description\" content=\"Rendez-nous visite pour l&rsquo;inspiration, le caf\u00e9 et la conversation Nous sommes heureux d&rsquo;annoncer que VW Ingredients sera pr\u00e9sent \u00e0 Fi Europe 2025 avec son propre stand !Cette ann\u00e9e, notre \u00e9quipe sera pr\u00eate \u00e0 vous accueillir, que vous soyez \u00e0 la recherche d&rsquo;un support technique, de nouvelles id\u00e9es de produits, ou simplement d&rsquo;une bonne conversation autour [&hellip;]\" \/>\n<meta property=\"og:url\" content=\"https:\/\/vw-ingredients.com\/fr\/actualites\/vw-ingredients-a-fi-europe-2025\" \/>\n<meta property=\"og:site_name\" content=\"Van Wankum Ingredients\" \/>\n<meta property=\"article:published_time\" content=\"2025-10-31T07:36:11+00:00\" \/>\n<meta property=\"article:modified_time\" content=\"2026-03-11T18:10:04+00:00\" \/>\n<meta property=\"og:image\" content=\"https:\/\/vw-ingredients.com\/wp-content\/uploads\/2025\/10\/FIE-Linked-in-invitation.png\" \/>\n\t<meta property=\"og:image:width\" content=\"1080\" \/>\n\t<meta property=\"og:image:height\" content=\"1080\" \/>\n\t<meta property=\"og:image:type\" content=\"image\/png\" \/>\n<meta name=\"author\" content=\"Stefanie\" \/>\n<meta name=\"twitter:card\" content=\"summary_large_image\" \/>\n<meta name=\"twitter:label1\" content=\"\u00c9crit par\" \/>\n\t<meta name=\"twitter:data1\" content=\"Stefanie\" \/>\n\t<meta name=\"twitter:label2\" content=\"Dur\u00e9e de lecture estim\u00e9e\" \/>\n\t<meta name=\"twitter:data2\" content=\"1 minute\" \/>\n<script type=\"application\/ld+json\" class=\"yoast-schema-graph\">{\"@context\":\"https:\\\/\\\/schema.org\",\"@graph\":[{\"@type\":\"Article\",\"@id\":\"https:\\\/\\\/vw-ingredients.com\\\/fr\\\/actualites\\\/vw-ingredients-a-fi-europe-2025#article\",\"isPartOf\":{\"@id\":\"https:\\\/\\\/vw-ingredients.com\\\/fr\\\/actualites\\\/vw-ingredients-a-fi-europe-2025\"},\"author\":{\"name\":\"Stefanie\",\"@id\":\"https:\\\/\\\/vw-ingredients.com\\\/fr#\\\/schema\\\/person\\\/efc61137f7c2da0f373707e5852ad8c4\"},\"headline\":\"VW Ingredients \u00e0 Fi Europe 2025\",\"datePublished\":\"2025-10-31T07:36:11+00:00\",\"dateModified\":\"2026-03-11T18:10:04+00:00\",\"mainEntityOfPage\":{\"@id\":\"https:\\\/\\\/vw-ingredients.com\\\/fr\\\/actualites\\\/vw-ingredients-a-fi-europe-2025\"},\"wordCount\":209,\"image\":{\"@id\":\"https:\\\/\\\/vw-ingredients.com\\\/fr\\\/actualites\\\/vw-ingredients-a-fi-europe-2025#primaryimage\"},\"thumbnailUrl\":\"https:\\\/\\\/vw-ingredients.com\\\/wp-content\\\/uploads\\\/2025\\\/10\\\/FIE-Linked-in-invitation.png\",\"articleSection\":[\"Actualit\u00e9s\"],\"inLanguage\":\"fr-FR\"},{\"@type\":\"WebPage\",\"@id\":\"https:\\\/\\\/vw-ingredients.com\\\/fr\\\/actualites\\\/vw-ingredients-a-fi-europe-2025\",\"url\":\"https:\\\/\\\/vw-ingredients.com\\\/fr\\\/actualites\\\/vw-ingredients-a-fi-europe-2025\",\"name\":\"VW Ingredients \u00e0 Fi Europe 2025 - Van Wankum Ingredients\",\"isPartOf\":{\"@id\":\"https:\\\/\\\/vw-ingredients.com\\\/fr#website\"},\"primaryImageOfPage\":{\"@id\":\"https:\\\/\\\/vw-ingredients.com\\\/fr\\\/actualites\\\/vw-ingredients-a-fi-europe-2025#primaryimage\"},\"image\":{\"@id\":\"https:\\\/\\\/vw-ingredients.com\\\/fr\\\/actualites\\\/vw-ingredients-a-fi-europe-2025#primaryimage\"},\"thumbnailUrl\":\"https:\\\/\\\/vw-ingredients.com\\\/wp-content\\\/uploads\\\/2025\\\/10\\\/FIE-Linked-in-invitation.png\",\"datePublished\":\"2025-10-31T07:36:11+00:00\",\"dateModified\":\"2026-03-11T18:10:04+00:00\",\"author\":{\"@id\":\"https:\\\/\\\/vw-ingredients.com\\\/fr#\\\/schema\\\/person\\\/efc61137f7c2da0f373707e5852ad8c4\"},\"breadcrumb\":{\"@id\":\"https:\\\/\\\/vw-ingredients.com\\\/fr\\\/actualites\\\/vw-ingredients-a-fi-europe-2025#breadcrumb\"},\"inLanguage\":\"fr-FR\",\"potentialAction\":[{\"@type\":\"ReadAction\",\"target\":[\"https:\\\/\\\/vw-ingredients.com\\\/fr\\\/actualites\\\/vw-ingredients-a-fi-europe-2025\"]}]},{\"@type\":\"ImageObject\",\"inLanguage\":\"fr-FR\",\"@id\":\"https:\\\/\\\/vw-ingredients.com\\\/fr\\\/actualites\\\/vw-ingredients-a-fi-europe-2025#primaryimage\",\"url\":\"https:\\\/\\\/vw-ingredients.com\\\/wp-content\\\/uploads\\\/2025\\\/10\\\/FIE-Linked-in-invitation.png\",\"contentUrl\":\"https:\\\/\\\/vw-ingredients.com\\\/wp-content\\\/uploads\\\/2025\\\/10\\\/FIE-Linked-in-invitation.png\",\"width\":1080,\"height\":1080},{\"@type\":\"BreadcrumbList\",\"@id\":\"https:\\\/\\\/vw-ingredients.com\\\/fr\\\/actualites\\\/vw-ingredients-a-fi-europe-2025#breadcrumb\",\"itemListElement\":[{\"@type\":\"ListItem\",\"position\":1,\"name\":\"Home\",\"item\":\"https:\\\/\\\/vw-ingredients.com\\\/fr\"},{\"@type\":\"ListItem\",\"position\":2,\"name\":\"VW Ingredients \u00e0 Fi Europe 2025\"}]},{\"@type\":\"WebSite\",\"@id\":\"https:\\\/\\\/vw-ingredients.com\\\/fr#website\",\"url\":\"https:\\\/\\\/vw-ingredients.com\\\/fr\",\"name\":\"Van Wankum Ingredients\",\"description\":\"\",\"potentialAction\":[{\"@type\":\"SearchAction\",\"target\":{\"@type\":\"EntryPoint\",\"urlTemplate\":\"https:\\\/\\\/vw-ingredients.com\\\/fr?s={search_term_string}\"},\"query-input\":{\"@type\":\"PropertyValueSpecification\",\"valueRequired\":true,\"valueName\":\"search_term_string\"}}],\"inLanguage\":\"fr-FR\"},{\"@type\":\"Person\",\"@id\":\"https:\\\/\\\/vw-ingredients.com\\\/fr#\\\/schema\\\/person\\\/efc61137f7c2da0f373707e5852ad8c4\",\"name\":\"Stefanie\",\"image\":{\"@type\":\"ImageObject\",\"inLanguage\":\"fr-FR\",\"@id\":\"https:\\\/\\\/secure.gravatar.com\\\/avatar\\\/b695592051084f229dc7cb92b138c027debaadd6945db46f7c06c2016d684b38?s=96&d=mm&r=g\",\"url\":\"https:\\\/\\\/secure.gravatar.com\\\/avatar\\\/b695592051084f229dc7cb92b138c027debaadd6945db46f7c06c2016d684b38?s=96&d=mm&r=g\",\"contentUrl\":\"https:\\\/\\\/secure.gravatar.com\\\/avatar\\\/b695592051084f229dc7cb92b138c027debaadd6945db46f7c06c2016d684b38?s=96&d=mm&r=g\",\"caption\":\"Stefanie\"},\"url\":\"https:\\\/\\\/vw-ingredients.com\\\/fr\\\/author\\\/stefanie\"}]}<\/script>\n<!-- \/ Yoast SEO plugin. -->","yoast_head_json":{"title":"VW Ingredients \u00e0 Fi Europe 2025 - Van Wankum Ingredients","robots":{"index":"index","follow":"follow","max-snippet":"max-snippet:-1","max-image-preview":"max-image-preview:large","max-video-preview":"max-video-preview:-1"},"canonical":"https:\/\/vw-ingredients.com\/fr\/actualites\/vw-ingredients-a-fi-europe-2025","og_locale":"fr_FR","og_type":"article","og_title":"VW Ingredients \u00e0 Fi Europe 2025 - Van Wankum Ingredients","og_description":"Rendez-nous visite pour l&rsquo;inspiration, le caf\u00e9 et la conversation Nous sommes heureux d&rsquo;annoncer que VW Ingredients sera pr\u00e9sent \u00e0 Fi Europe 2025 avec son propre stand !Cette ann\u00e9e, notre \u00e9quipe sera pr\u00eate \u00e0 vous accueillir, que vous soyez \u00e0 la recherche d&rsquo;un support technique, de nouvelles id\u00e9es de produits, ou simplement d&rsquo;une bonne conversation autour [&hellip;]","og_url":"https:\/\/vw-ingredients.com\/fr\/actualites\/vw-ingredients-a-fi-europe-2025","og_site_name":"Van Wankum Ingredients","article_published_time":"2025-10-31T07:36:11+00:00","article_modified_time":"2026-03-11T18:10:04+00:00","og_image":[{"width":1080,"height":1080,"url":"https:\/\/vw-ingredients.com\/wp-content\/uploads\/2025\/10\/FIE-Linked-in-invitation.png","type":"image\/png"}],"author":"Stefanie","twitter_card":"summary_large_image","twitter_misc":{"\u00c9crit par":"Stefanie","Dur\u00e9e de lecture estim\u00e9e":"1 minute"},"schema":{"@context":"https:\/\/schema.org","@graph":[{"@type":"Article","@id":"https:\/\/vw-ingredients.com\/fr\/actualites\/vw-ingredients-a-fi-europe-2025#article","isPartOf":{"@id":"https:\/\/vw-ingredients.com\/fr\/actualites\/vw-ingredients-a-fi-europe-2025"},"author":{"name":"Stefanie","@id":"https:\/\/vw-ingredients.com\/fr#\/schema\/person\/efc61137f7c2da0f373707e5852ad8c4"},"headline":"VW Ingredients \u00e0 Fi Europe 2025","datePublished":"2025-10-31T07:36:11+00:00","dateModified":"2026-03-11T18:10:04+00:00","mainEntityOfPage":{"@id":"https:\/\/vw-ingredients.com\/fr\/actualites\/vw-ingredients-a-fi-europe-2025"},"wordCount":209,"image":{"@id":"https:\/\/vw-ingredients.com\/fr\/actualites\/vw-ingredients-a-fi-europe-2025#primaryimage"},"thumbnailUrl":"https:\/\/vw-ingredients.com\/wp-content\/uploads\/2025\/10\/FIE-Linked-in-invitation.png","articleSection":["Actualit\u00e9s"],"inLanguage":"fr-FR"},{"@type":"WebPage","@id":"https:\/\/vw-ingredients.com\/fr\/actualites\/vw-ingredients-a-fi-europe-2025","url":"https:\/\/vw-ingredients.com\/fr\/actualites\/vw-ingredients-a-fi-europe-2025","name":"VW Ingredients \u00e0 Fi Europe 2025 - Van Wankum Ingredients","isPartOf":{"@id":"https:\/\/vw-ingredients.com\/fr#website"},"primaryImageOfPage":{"@id":"https:\/\/vw-ingredients.com\/fr\/actualites\/vw-ingredients-a-fi-europe-2025#primaryimage"},"image":{"@id":"https:\/\/vw-ingredients.com\/fr\/actualites\/vw-ingredients-a-fi-europe-2025#primaryimage"},"thumbnailUrl":"https:\/\/vw-ingredients.com\/wp-content\/uploads\/2025\/10\/FIE-Linked-in-invitation.png","datePublished":"2025-10-31T07:36:11+00:00","dateModified":"2026-03-11T18:10:04+00:00","author":{"@id":"https:\/\/vw-ingredients.com\/fr#\/schema\/person\/efc61137f7c2da0f373707e5852ad8c4"},"breadcrumb":{"@id":"https:\/\/vw-ingredients.com\/fr\/actualites\/vw-ingredients-a-fi-europe-2025#breadcrumb"},"inLanguage":"fr-FR","potentialAction":[{"@type":"ReadAction","target":["https:\/\/vw-ingredients.com\/fr\/actualites\/vw-ingredients-a-fi-europe-2025"]}]},{"@type":"ImageObject","inLanguage":"fr-FR","@id":"https:\/\/vw-ingredients.com\/fr\/actualites\/vw-ingredients-a-fi-europe-2025#primaryimage","url":"https:\/\/vw-ingredients.com\/wp-content\/uploads\/2025\/10\/FIE-Linked-in-invitation.png","contentUrl":"https:\/\/vw-ingredients.com\/wp-content\/uploads\/2025\/10\/FIE-Linked-in-invitation.png","width":1080,"height":1080},{"@type":"BreadcrumbList","@id":"https:\/\/vw-ingredients.com\/fr\/actualites\/vw-ingredients-a-fi-europe-2025#breadcrumb","itemListElement":[{"@type":"ListItem","position":1,"name":"Home","item":"https:\/\/vw-ingredients.com\/fr"},{"@type":"ListItem","position":2,"name":"VW Ingredients \u00e0 Fi Europe 2025"}]},{"@type":"WebSite","@id":"https:\/\/vw-ingredients.com\/fr#website","url":"https:\/\/vw-ingredients.com\/fr","name":"Van Wankum Ingredients","description":"","potentialAction":[{"@type":"SearchAction","target":{"@type":"EntryPoint","urlTemplate":"https:\/\/vw-ingredients.com\/fr?s={search_term_string}"},"query-input":{"@type":"PropertyValueSpecification","valueRequired":true,"valueName":"search_term_string"}}],"inLanguage":"fr-FR"},{"@type":"Person","@id":"https:\/\/vw-ingredients.com\/fr#\/schema\/person\/efc61137f7c2da0f373707e5852ad8c4","name":"Stefanie","image":{"@type":"ImageObject","inLanguage":"fr-FR","@id":"https:\/\/secure.gravatar.com\/avatar\/b695592051084f229dc7cb92b138c027debaadd6945db46f7c06c2016d684b38?s=96&d=mm&r=g","url":"https:\/\/secure.gravatar.com\/avatar\/b695592051084f229dc7cb92b138c027debaadd6945db46f7c06c2016d684b38?s=96&d=mm&r=g","contentUrl":"https:\/\/secure.gravatar.com\/avatar\/b695592051084f229dc7cb92b138c027debaadd6945db46f7c06c2016d684b38?s=96&d=mm&r=g","caption":"Stefanie"},"url":"https:\/\/vw-ingredients.com\/fr\/author\/stefanie"}]}},"_links":{"self":[{"href":"https:\/\/vw-ingredients.com\/fr\/wp-json\/wp\/v2\/posts\/11938","targetHints":{"allow":["GET"]}}],"collection":[{"href":"https:\/\/vw-ingredients.com\/fr\/wp-json\/wp\/v2\/posts"}],"about":[{"href":"https:\/\/vw-ingredients.com\/fr\/wp-json\/wp\/v2\/types\/post"}],"author":[{"embeddable":true,"href":"https:\/\/vw-ingredients.com\/fr\/wp-json\/wp\/v2\/users\/12"}],"replies":[{"embeddable":true,"href":"https:\/\/vw-ingredients.com\/fr\/wp-json\/wp\/v2\/comments?post=11938"}],"version-history":[{"count":1,"href":"https:\/\/vw-ingredients.com\/fr\/wp-json\/wp\/v2\/posts\/11938\/revisions"}],"predecessor-version":[{"id":11939,"href":"https:\/\/vw-ingredients.com\/fr\/wp-json\/wp\/v2\/posts\/11938\/revisions\/11939"}],"wp:featuredmedia":[{"embeddable":true,"href":"https:\/\/vw-ingredients.com\/fr\/wp-json\/wp\/v2\/media\/11796"}],"wp:attachment":[{"href":"https:\/\/vw-ingredients.com\/fr\/wp-json\/wp\/v2\/media?parent=11938"}],"wp:term":[{"taxonomy":"category","embeddable":true,"href":"https:\/\/vw-ingredients.com\/fr\/wp-json\/wp\/v2\/categories?post=11938"},{"taxonomy":"post_tag","embeddable":true,"href":"https:\/\/vw-ingredients.com\/fr\/wp-json\/wp\/v2\/tags?post=11938"}],"curies":[{"name":"wp","href":"https:\/\/api.w.org\/{rel}","templated":true}]}}